{"id":4694,"date":"2025-09-25T10:20:03","date_gmt":"2025-09-25T08:20:03","guid":{"rendered":"https:\/\/gewerbeverein-neustadt.de\/gvn\/?p=4694"},"modified":"2025-09-25T10:33:28","modified_gmt":"2025-09-25T08:33:28","slug":"wirtschafts-lounge-2","status":"publish","type":"post","link":"https:\/\/gewerbeverein-neustadt.de\/gvn\/2025\/09\/25\/wirtschafts-lounge-2\/","title":{"rendered":"Wirtschafts-Lounge am 13. November 2025"},"content":{"rendered":"\t\t<div data-elementor-type=\"wp-post\" data-elementor-id=\"4694\" class=\"elementor elementor-4694\">\n\t\t\t\t<div class=\"elementor-element elementor-element-ea26065 e-flex e-con-boxed e-con e-parent\" data-id=\"ea26065\" data-element_type=\"container\" data-e-type=\"container\">\n\t\t\t\t\t<div class=\"e-con-inner\">\n\t\t<div class=\"elementor-element elementor-element-6fa9609 e-con-full e-flex e-con e-child\" data-id=\"6fa9609\" data-element_type=\"container\" data-e-type=\"container\">\n\t\t\t\t<div class=\"elementor-element elementor-element-fc2be16 elementor-widget elementor-widget-image\" data-id=\"fc2be16\" data-element_type=\"widget\" data-e-type=\"widget\" data-widget_type=\"image.default\">\n\t\t\t\t<div class=\"elementor-widget-container\">\n\t\t\t\t\t\t\t\t\t\t\t\t\t\t\t<img fetchpriority=\"high\" decoding=\"async\" width=\"800\" height=\"454\" src=\"https:\/\/gewerbeverein-neustadt.de\/gvn\/wp-content\/uploads\/2025\/09\/8_Wirtschaftsforum-1024x581.jpg\" class=\"attachment-large size-large wp-image-4695\" alt=\"\" srcset=\"https:\/\/gewerbeverein-neustadt.de\/gvn\/wp-content\/uploads\/2025\/09\/8_Wirtschaftsforum-1024x581.jpg 1024w, https:\/\/gewerbeverein-neustadt.de\/gvn\/wp-content\/uploads\/2025\/09\/8_Wirtschaftsforum-300x170.jpg 300w, https:\/\/gewerbeverein-neustadt.de\/gvn\/wp-content\/uploads\/2025\/09\/8_Wirtschaftsforum-768x436.jpg 768w, https:\/\/gewerbeverein-neustadt.de\/gvn\/wp-content\/uploads\/2025\/09\/8_Wirtschaftsforum-1536x871.jpg 1536w, https:\/\/gewerbeverein-neustadt.de\/gvn\/wp-content\/uploads\/2025\/09\/8_Wirtschaftsforum.jpg 1904w\" sizes=\"(max-width: 800px) 100vw, 800px\" \/>\t\t\t\t\t\t\t\t\t\t\t\t\t\t\t<\/div>\n\t\t\t\t<\/div>\n\t\t\t\t<\/div>\n\t\t<div class=\"elementor-element elementor-element-826a1d0 e-con-full e-flex e-con e-child\" data-id=\"826a1d0\" data-element_type=\"container\" data-e-type=\"container\">\n\t\t\t\t<div class=\"elementor-element elementor-element-8ff7a1b elementor-widget elementor-widget-text-editor\" data-id=\"8ff7a1b\" data-element_type=\"widget\" data-e-type=\"widget\" data-widget_type=\"text-editor.default\">\n\t\t\t\t<div class=\"elementor-widget-container\">\n\t\t\t\t\t\t\t\t\t<p><strong><span class=\"ng-scope\">8. Neust\u00e4dter Wirtschafts-Lounge: &#8222;Talente an Bord \u2013 Fachkr\u00e4fte finden und binden&#8220;<\/span><\/strong><\/p><p><strong><span class=\"ng-scope\">Wann: Do., 13. November, ab 18.30 Uhr<br \/>Wo: Hafenraum, Werftstra\u00dfe 9,\u00a023730 Neustadt in Holstein<\/span><\/strong><\/p><p><span class=\"ng-scope\">Am Donnerstag, 13. November ab 18:30 Uhr laden Sie das Stadtmarketing Neustadt in Holstein gemeinsam mit der IHK zu L\u00fcbeck und dem Neust\u00e4dter Gewerbeverein herzlich zur 8. Neust\u00e4dter Wirtschafts-Lounge in den Hafenraum ein. Gastgeberin und inhaltliche Partnerin ist diesmal die Leaders Academy Hamburg-L\u00fcbeck.<br \/><br \/>Unser Thema des Abends:<br \/>&#8222;Talente an Bord \u2013 Fachkr\u00e4fte finden und binden&#8220;<br \/>Die angespannte Lage auf dem Arbeitsmarkt stellt viele Unternehmen in der Region vor gro\u00dfe Herausforderungen: Nachwuchs- und F\u00fchrungskr\u00e4fte sind schwer zu gewinnen und noch schwerer zu halten. Wie k\u00f6nnen Unternehmen diesen Herausforderungen begegnen? Welche Chancen bieten internationale Fachkr\u00e4fte? Und wie gelingt es, Talente aller Generationen langfristig zu binden? Auf diese Fragen gehen Laura Sonnen von der IHK zu L\u00fcbeck und Alexander Karnebogen sowie Alexander Hanel von der Leaders Academy Hamburg-L\u00fcbeck in ihren Impulsvortr\u00e4gen nach der Begr\u00fc\u00dfung durch Neustadts B\u00fcrgermeister Mirko Spieckermann ein. Moderiert wird die Veranstaltung von Dr. Can \u00d6zren (Pressesprecher der IHK zu L\u00fcbeck).<br \/><br \/>Auch die EGOH (Entwicklungsgesellschaft Ostholstein mbH EGOH) wird sich bei der 8. Wirtschafts-Lounge einbringen und die Praktikumsb\u00f6rse des Hansebelts vorstellen. Tina Theresa Kohlhof, die bei der EGOH f\u00fcr die Tourismus- und Unternehmenskommunikation zust\u00e4ndig ist, informiert \u00fcber das Potenzial der kostenlosen B\u00f6rse, mit der Unternehmen aus Ostholstein ihre Sichtbarkeit erh\u00f6hen und gezielt mit Nachwuchskr\u00e4ften in Kontakt treten.<br \/><br \/>Die Wirtschafts-Lounge richtet sich an alle Unternehmer und Entscheidungstr\u00e4ger aus der Region, die sich informieren und auf lokaler Ebene bei Fingerfood und erfrischendem Getr\u00e4nk vernetzen m\u00f6chten.<br \/><br \/>Wie bei jeder Neust\u00e4dter Wirtschafts-Lounge ist der Eintritt kostenlos und der caritative Gedanke wird gelebt, daher bietet das Format jedes Mal einem Verein oder einem sozialen Projekt die M\u00f6glichkeit, sich vorzustellen und Spenden zu generieren. Im November nutzt die Neust\u00e4dter B\u00fcrgerstiftung diese Plattform und der Vorstand freut sich, mit den anwesenden Unternehmen ins Gespr\u00e4ch zu kommen.<br \/><br \/>Interesse an der Wirtschafts-Lounge?: <br \/>Haben Sie Interesse und m\u00f6chten Sie sich anmelden? Sie haben ab sofort die M\u00f6glichkeit, sich \u00fcber die IHK zu L\u00fcbeck unter <a href=\"https:\/\/www.ihk.de\/sh\/wirtschaftslounge\" data-cke-saved-href=\"https:\/\/www.ihk.de\/sh\/wirtschaftslounge\">www.ihk.de\/sh\/wirtschaftslounge<\/a> anzumelden. Die Teilnehmerzahl ist begrenzt, so dass die Anmeldung nach dem Priorit\u00e4tsprinzip erfolgt.<br \/><br \/>Wir freuen uns auf den Austausch und \u00fcber Ihr Interesse!<\/span><\/p>\t\t\t\t\t\t\t\t<\/div>\n\t\t\t\t<\/div>\n\t\t\t\t<\/div>\n\t\t\t\t\t<\/div>\n\t\t\t\t<\/div>\n\t\t\t\t<\/div>\n\t\t","protected":false},"excerpt":{"rendered":"<p>8. Neust\u00e4dter Wirtschafts-Lounge: &#8222;Talente an Bord \u2013 Fachkr\u00e4fte finden und binden&#8220; Wann: Do., 13. November, ab 18.30 UhrWo: Hafenraum, Werftstra\u00dfe 9,\u00a023730 Neustadt in Holstein Am Donnerstag, 13. November ab 18:30 &#8230;<\/p>\n","protected":false},"author":1,"featured_media":4695,"comment_status":"closed","ping_status":"closed","sticky":false,"template":"","format":"standard","meta":{"footnotes":""},"categories":[21],"tags":[],"class_list":["post-4694","post","type-post","status-publish","format-standard","has-post-thumbnail","hentry","category-aktion"],"aioseo_notices":[],"featured_image_urls_v2":{"full":["https:\/\/gewerbeverein-neustadt.de\/gvn\/wp-content\/uploads\/2025\/09\/8_Wirtschaftsforum.jpg",1904,1080,false],"thumbnail":["https:\/\/gewerbeverein-neustadt.de\/gvn\/wp-content\/uploads\/2025\/09\/8_Wirtschaftsforum-150x150.jpg",150,150,true],"medium":["https:\/\/gewerbeverein-neustadt.de\/gvn\/wp-content\/uploads\/2025\/09\/8_Wirtschaftsforum-300x170.jpg",300,170,true],"medium_large":["https:\/\/gewerbeverein-neustadt.de\/gvn\/wp-content\/uploads\/2025\/09\/8_Wirtschaftsforum-768x436.jpg",768,436,true],"large":["https:\/\/gewerbeverein-neustadt.de\/gvn\/wp-content\/uploads\/2025\/09\/8_Wirtschaftsforum-1024x581.jpg",800,454,true],"1536x1536":["https:\/\/gewerbeverein-neustadt.de\/gvn\/wp-content\/uploads\/2025\/09\/8_Wirtschaftsforum-1536x871.jpg",1536,871,true],"2048x2048":["https:\/\/gewerbeverein-neustadt.de\/gvn\/wp-content\/uploads\/2025\/09\/8_Wirtschaftsforum.jpg",1904,1080,false],"gg_gallery_thumbnail":["https:\/\/gewerbeverein-neustadt.de\/gvn\/wp-content\/uploads\/2025\/09\/8_Wirtschaftsforum-450x250.jpg",450,250,true],"onepress-blog-small":["https:\/\/gewerbeverein-neustadt.de\/gvn\/wp-content\/uploads\/2025\/09\/8_Wirtschaftsforum-300x150.jpg",300,150,true],"onepress-small":["https:\/\/gewerbeverein-neustadt.de\/gvn\/wp-content\/uploads\/2025\/09\/8_Wirtschaftsforum-480x300.jpg",480,300,true],"onepress-medium":["https:\/\/gewerbeverein-neustadt.de\/gvn\/wp-content\/uploads\/2025\/09\/8_Wirtschaftsforum-640x400.jpg",640,400,true]},"post_excerpt_stackable_v2":"<p>8. Neust\u00e4dter Wirtschafts-Lounge: &#8222;Talente an Bord \u2013 Fachkr\u00e4fte finden und binden&#8220;Wann: Do., 13. November, ab 18.30 UhrWo: Hafenraum, Werftstra\u00dfe 9,\u00a023730 Neustadt in HolsteinAm Donnerstag, 13. November ab 18:30 Uhr laden Sie das Stadtmarketing Neustadt in Holstein gemeinsam mit der IHK zu L\u00fcbeck und dem Neust\u00e4dter Gewerbeverein herzlich zur 8. Neust\u00e4dter Wirtschafts-Lounge in den Hafenraum ein. Gastgeberin und inhaltliche Partnerin ist diesmal die Leaders Academy Hamburg-L\u00fcbeck.Unser Thema des Abends:&#8222;Talente an Bord \u2013 Fachkr\u00e4fte finden und binden&#8220;Die angespannte Lage auf dem Arbeitsmarkt stellt viele Unternehmen in der Region vor gro\u00dfe Herausforderungen: Nachwuchs- und F\u00fchrungskr\u00e4fte sind schwer zu gewinnen und noch schwerer zu&hellip;<\/p>\n","category_list_v2":"<a href=\"https:\/\/gewerbeverein-neustadt.de\/gvn\/category\/aktion\/\" rel=\"category tag\">Aktion<\/a>","author_info_v2":{"name":"admin","url":"https:\/\/gewerbeverein-neustadt.de\/gvn\/author\/admin\/"},"comments_num_v2":"0 comments","_links":{"self":[{"href":"https:\/\/gewerbeverein-neustadt.de\/gvn\/wp-json\/wp\/v2\/posts\/4694","targetHints":{"allow":["GET"]}}],"collection":[{"href":"https:\/\/gewerbeverein-neustadt.de\/gvn\/wp-json\/wp\/v2\/posts"}],"about":[{"href":"https:\/\/gewerbeverein-neustadt.de\/gvn\/wp-json\/wp\/v2\/types\/post"}],"author":[{"embeddable":true,"href":"https:\/\/gewerbeverein-neustadt.de\/gvn\/wp-json\/wp\/v2\/users\/1"}],"replies":[{"embeddable":true,"href":"https:\/\/gewerbeverein-neustadt.de\/gvn\/wp-json\/wp\/v2\/comments?post=4694"}],"version-history":[{"count":3,"href":"https:\/\/gewerbeverein-neustadt.de\/gvn\/wp-json\/wp\/v2\/posts\/4694\/revisions"}],"predecessor-version":[{"id":4698,"href":"https:\/\/gewerbeverein-neustadt.de\/gvn\/wp-json\/wp\/v2\/posts\/4694\/revisions\/4698"}],"wp:featuredmedia":[{"embeddable":true,"href":"https:\/\/gewerbeverein-neustadt.de\/gvn\/wp-json\/wp\/v2\/media\/4695"}],"wp:attachment":[{"href":"https:\/\/gewerbeverein-neustadt.de\/gvn\/wp-json\/wp\/v2\/media?parent=4694"}],"wp:term":[{"taxonomy":"category","embeddable":true,"href":"https:\/\/gewerbeverein-neustadt.de\/gvn\/wp-json\/wp\/v2\/categories?post=4694"},{"taxonomy":"post_tag","embeddable":true,"href":"https:\/\/gewerbeverein-neustadt.de\/gvn\/wp-json\/wp\/v2\/tags?post=4694"}],"curies":[{"name":"wp","href":"https:\/\/api.w.org\/{rel}","templated":true}]}}